{"id":97,"date":"2016-02-11T21:45:42","date_gmt":"2016-02-11T21:45:42","guid":{"rendered":"http:\/\/naust.org\/?p=97"},"modified":"2017-02-03T07:55:27","modified_gmt":"2017-02-03T07:55:27","slug":"naustforeininga-hadde-samling-og-arsfest-i-timbervika-i-telavag","status":"publish","type":"post","link":"https:\/\/naust.org\/?p=97","title":{"rendered":"Naustforeininga hadde samling og \u00e5rsfest i Timbervika i Telav\u00e5g"},"content":{"rendered":"<p><a href=\"https:\/\/naust.org\/wp-content\/uploads\/2016\/02\/11050841_799143863507920_8963011608824823515_n.jpg\"><img decoding=\"async\" loading=\"lazy\" class=\"alignnone size-full wp-image-98\" src=\"https:\/\/naust.org\/wp-content\/uploads\/2016\/02\/11050841_799143863507920_8963011608824823515_n.jpg\" alt=\"11050841_799143863507920_8963011608824823515_n\" width=\"720\" height=\"537\" srcset=\"https:\/\/naust.org\/wp-content\/uploads\/2016\/02\/11050841_799143863507920_8963011608824823515_n.jpg 720w, https:\/\/naust.org\/wp-content\/uploads\/2016\/02\/11050841_799143863507920_8963011608824823515_n-300x224.jpg 300w\" sizes=\"(max-width: 720px) 100vw, 720px\" \/><\/a><\/p>\n<p>Timbervika i Telav\u00e5g. Her er no eit flott selskapslokale.<\/p>\n<p>Dagen starta med mat\u00f8kt p\u00e5 Nordsj\u00f8fartmuseet. Deretter samla me oss\u00a0i auditoriet. Her var mellom\u00a0andre Ove Bernt Trellevik som b\u00e5de\u00a0lytta og fortalde.\u00a0No skal mellom anna\u00a0&laquo;Statlige planretningslinjer for\u00a0differensiert forvaltning av strandsonen langs sj\u00f8en&raquo;\u00a0reviderast. Naustforeininga vart invitert til \u00e5 koma med synspunkt p\u00e5 denne.<\/p>\n<p>Etterp\u00e5\u00a0var det rundtur i Telav\u00e5g\u00a0med inspeksjon av naust, b\u00e5de\u00a0&laquo;varme og kalde&raquo;\u00a0.<\/p>\n<p>Kvelden vart avslutta med festmiddag for 25 personar\u00a0i det nyrestaurerte naustet &laquo;Timbervika&raquo;. Her var det\u00a0b\u00e5de &laquo;Naustquiz,\u00a0musikalske innslag\u00a0og prisutdelingar.<\/p>\n<p>&nbsp;<\/p>\n<p>&nbsp;<\/p>\n<p><b><span style=\"font-size: x-large;\">\u00a0<\/span><\/b><\/p>\n<p><b><span style=\"font-size: x-large;\">\u00a0<\/span><\/b><\/p>\n","protected":false},"excerpt":{"rendered":"<p>Timbervika i Telav\u00e5g. Her er no eit flott selskapslokale. Dagen starta med mat\u00f8kt p\u00e5 Nordsj\u00f8fartmuseet. Deretter samla me oss\u00a0i auditoriet. Her var mellom\u00a0andre Ove Bernt Trellevik som b\u00e5de\u00a0lytta og fortalde.\u00a0No skal mellom anna\u00a0&laquo;Statlige planretningslinjer for\u00a0differensiert forvaltning av strandsonen langs sj\u00f8en&raquo;\u00a0reviderast. Naustforeininga vart invitert til \u00e5 koma med synspunkt p\u00e5 denne. Etterp\u00e5\u00a0var det rundtur i Telav\u00e5g\u00a0med &hellip; <a href=\"https:\/\/naust.org\/?p=97\" class=\"more-link\">Fortsett \u00e5 lese <span class=\"screen-reader-text\">Naustforeininga hadde samling og \u00e5rsfest i Timbervika i Telav\u00e5g<\/span><\/a><\/p>\n","protected":false},"author":1,"featured_media":0,"comment_status":"closed","ping_status":"open","sticky":false,"template":"","format":"standard","meta":[],"categories":[1],"tags":[],"_links":{"self":[{"href":"https:\/\/naust.org\/index.php?rest_route=\/wp\/v2\/posts\/97"}],"collection":[{"href":"https:\/\/naust.org\/index.php?rest_route=\/wp\/v2\/posts"}],"about":[{"href":"https:\/\/naust.org\/index.php?rest_route=\/wp\/v2\/types\/post"}],"author":[{"embeddable":true,"href":"https:\/\/naust.org\/index.php?rest_route=\/wp\/v2\/users\/1"}],"replies":[{"embeddable":true,"href":"https:\/\/naust.org\/index.php?rest_route=%2Fwp%2Fv2%2Fcomments&post=97"}],"version-history":[{"count":1,"href":"https:\/\/naust.org\/index.php?rest_route=\/wp\/v2\/posts\/97\/revisions"}],"predecessor-version":[{"id":99,"href":"https:\/\/naust.org\/index.php?rest_route=\/wp\/v2\/posts\/97\/revisions\/99"}],"wp:attachment":[{"href":"https:\/\/naust.org\/index.php?rest_route=%2Fwp%2Fv2%2Fmedia&parent=97"}],"wp:term":[{"taxonomy":"category","embeddable":true,"href":"https:\/\/naust.org\/index.php?rest_route=%2Fwp%2Fv2%2Fcategories&post=97"},{"taxonomy":"post_tag","embeddable":true,"href":"https:\/\/naust.org\/index.php?rest_route=%2Fwp%2Fv2%2Ftags&post=97"}],"curies":[{"name":"wp","href":"https:\/\/api.w.org\/{rel}","templated":true}]}}