{"id":481,"date":"2021-06-14T10:51:10","date_gmt":"2021-06-14T10:51:10","guid":{"rendered":"http:\/\/naust.org\/?p=481"},"modified":"2021-06-14T10:51:10","modified_gmt":"2021-06-14T10:51:10","slug":"nye-retningslinjer-for-planlegging-i-strandsonen-er-vedteken-av-regjeringa","status":"publish","type":"post","link":"https:\/\/naust.org\/?p=481","title":{"rendered":"Nye retningslinjer for planlegging i strandsonen er vedteken av regjeringa."},"content":{"rendered":"<p><span style=\"display: inline !important; float: none; background-color: #ffffff; color: #333333; font-family: 'Open Sans',sans-serif; font-size: 36px; font-style: normal; font-variant: normal; font-weight: 400; letter-spacing: normal; line-height: 46px; -ms-text-size-adjust: none; orphans: 2; text-align: left; text-decoration: none; text-indent: 0px; text-transform: none; -webkit-text-stroke-width: 0px; white-space: normal; word-spacing: 0px;\">Regjeringa skriv i mai at &laquo;Nye retningslinjer for planlegging i strandsonen gir \u00f8kt lokalt handlingsrom og mer verdiskaping i distriktene&raquo;<\/span><\/p>\n<p><a href=\"https:\/\/www.regjeringen.no\/no\/aktuelt\/nye-retningslinjer-for-planlegging-i-strandsonen-gir-okt-lokalt-handlingsrom-og-mer-verdiskaping-i-distriktene\/id2850357\/\">https:\/\/www.regjeringen.no\/no\/aktuelt\/nye-retningslinjer-for-planlegging-i-strandsonen-gir-okt-lokalt-handlingsrom-og-mer-verdiskaping-i-distriktene\/id2850357\/<\/a><\/p>\n<p>I Vestland fylke er desse omr\u00e5da i sone 2. <span style=\"display: inline !important; float: none; background-color: #ffffff; color: #333333; font-family: 'Open Sans',sans-serif; font-size: 16px; font-style: normal; font-variant: normal; font-weight: 400; letter-spacing: normal; line-height: 26px; -ms-text-size-adjust: none; orphans: 2; text-align: left; text-decoration: none; text-indent: 0px; text-transform: none; -webkit-text-stroke-width: 0px; white-space: normal; word-spacing: 0px;\"> Del av Alver (Lind\u00e5s og Meland), Ask\u00f8y, Bergen, Bj\u00f8rnafjorden (tidligere Os), \u00d8ygarden<\/span>.<\/p>\n<p>I desse omr\u00e5da vil det verta utfordringar med ny aktivitet\u00a0 strandsona. Slik er ordlyden som kan gje ein liten \u00e5pning.<\/p>\n<p><span style=\"display: inline !important; float: none; background-color: #ffffff; color: #333333; font-family: 'Open Sans',sans-serif; font-size: 16px; font-style: normal; font-variant: normal; font-weight: 400; letter-spacing: normal; line-height: 26px; -ms-text-size-adjust: none; orphans: 2; text-align: left; text-decoration: none; text-indent: 0px; text-transform: none; -webkit-text-stroke-width: 0px; white-space: normal; word-spacing: 0px;\">&laquo;Vurderingen vil v\u00e6re avhengig av hva slags type tiltak det gjelder. Det kan v\u00e6re grunnlag for \u00e5 tillate visse tiltak n\u00e6r sj\u00f8en, som for eksempel brygger, naust, n\u00e6ringstiltak og sj\u00f8rettede reiselivsanlegg. Det kan ogs\u00e5 v\u00e6re grunnlag for \u00e5 tillate bruksendring av verneverdige naust og sj\u00f8boder til n\u00e6ringsform\u00e5l og allmennyttige form\u00e5l.&raquo;<\/span><\/p>\n","protected":false},"excerpt":{"rendered":"<p>Regjeringa skriv i mai at &laquo;Nye retningslinjer for planlegging i strandsonen gir \u00f8kt lokalt handlingsrom og mer verdiskaping i distriktene&raquo; https:\/\/www.regjeringen.no\/no\/aktuelt\/nye-retningslinjer-for-planlegging-i-strandsonen-gir-okt-lokalt-handlingsrom-og-mer-verdiskaping-i-distriktene\/id2850357\/ I Vestland fylke er desse omr\u00e5da i sone 2. Del av Alver (Lind\u00e5s og Meland), Ask\u00f8y, Bergen, Bj\u00f8rnafjorden (tidligere Os), \u00d8ygarden. I desse omr\u00e5da vil det verta utfordringar med ny aktivitet\u00a0 strandsona. Slik er &hellip; <a href=\"https:\/\/naust.org\/?p=481\" class=\"more-link\">Fortsett \u00e5 lese <span class=\"screen-reader-text\">Nye retningslinjer for planlegging i strandsonen er vedteken av regjeringa.<\/span><\/a><\/p>\n","protected":false},"author":1,"featured_media":0,"comment_status":"closed","ping_status":"closed","sticky":false,"template":"","format":"standard","meta":[],"categories":[1],"tags":[],"_links":{"self":[{"href":"https:\/\/naust.org\/index.php?rest_route=\/wp\/v2\/posts\/481"}],"collection":[{"href":"https:\/\/naust.org\/index.php?rest_route=\/wp\/v2\/posts"}],"about":[{"href":"https:\/\/naust.org\/index.php?rest_route=\/wp\/v2\/types\/post"}],"author":[{"embeddable":true,"href":"https:\/\/naust.org\/index.php?rest_route=\/wp\/v2\/users\/1"}],"replies":[{"embeddable":true,"href":"https:\/\/naust.org\/index.php?rest_route=%2Fwp%2Fv2%2Fcomments&post=481"}],"version-history":[{"count":1,"href":"https:\/\/naust.org\/index.php?rest_route=\/wp\/v2\/posts\/481\/revisions"}],"predecessor-version":[{"id":482,"href":"https:\/\/naust.org\/index.php?rest_route=\/wp\/v2\/posts\/481\/revisions\/482"}],"wp:attachment":[{"href":"https:\/\/naust.org\/index.php?rest_route=%2Fwp%2Fv2%2Fmedia&parent=481"}],"wp:term":[{"taxonomy":"category","embeddable":true,"href":"https:\/\/naust.org\/index.php?rest_route=%2Fwp%2Fv2%2Fcategories&post=481"},{"taxonomy":"post_tag","embeddable":true,"href":"https:\/\/naust.org\/index.php?rest_route=%2Fwp%2Fv2%2Ftags&post=481"}],"curies":[{"name":"wp","href":"https:\/\/api.w.org\/{rel}","templated":true}]}}