{"id":109,"date":"2016-02-11T22:54:29","date_gmt":"2016-02-11T22:54:29","guid":{"rendered":"http:\/\/naust.org\/?p=109"},"modified":"2017-01-18T22:21:16","modified_gmt":"2017-01-18T22:21:16","slug":"ope-mote-om-naering-i-naust-tysdag-16-februar-kl1800-timbervika-i-telavag","status":"publish","type":"post","link":"https:\/\/naust.org\/?p=109","title":{"rendered":"Ope m\u00f8te om n\u00e6ring i naust. Tysdag 16. februar kl 1800. Timbervika i Telav\u00e5g."},"content":{"rendered":"<p><a href=\"https:\/\/naust.org\/wp-content\/uploads\/2016\/02\/Kart-Timbervika.jpg\"><img decoding=\"async\" loading=\"lazy\" class=\"alignnone size-full wp-image-110\" src=\"https:\/\/naust.org\/wp-content\/uploads\/2016\/02\/Kart-Timbervika.jpg\" alt=\"Kart Timbervika\" width=\"863\" height=\"698\" srcset=\"https:\/\/naust.org\/wp-content\/uploads\/2016\/02\/Kart-Timbervika.jpg 863w, https:\/\/naust.org\/wp-content\/uploads\/2016\/02\/Kart-Timbervika-300x243.jpg 300w\" sizes=\"(max-width: 863px) 100vw, 863px\" \/><\/a><\/p>\n<p>Naustforeininga Nytt i Naust inviterer til ope m\u00f8te om n\u00e6ring i naust. Regelverket i strandsona er strengt.\u00a0Det kan oppst\u00e5 store utfordringar\u00a0n\u00e5r ein vil ta naust i ny bruk. Naustforeininga arbeider med desse problemstillingane slik at ein kan f\u00e5 ny aktivitet i strandsona.<\/p>\n<p>Kom og sj\u00e5 kva Richard Midttveit og Gisle Johnson har\u00a0f\u00e5tt til i naustet sitt.<\/p>\n<p>Enkel servering.<\/p>\n","protected":false},"excerpt":{"rendered":"<p>Naustforeininga Nytt i Naust inviterer til ope m\u00f8te om n\u00e6ring i naust. Regelverket i strandsona er strengt.\u00a0Det kan oppst\u00e5 store utfordringar\u00a0n\u00e5r ein vil ta naust i ny bruk. Naustforeininga arbeider med desse problemstillingane slik at ein kan f\u00e5 ny aktivitet i strandsona. Kom og sj\u00e5 kva Richard Midttveit og Gisle Johnson har\u00a0f\u00e5tt til i naustet &hellip; <a href=\"https:\/\/naust.org\/?p=109\" class=\"more-link\">Fortsett \u00e5 lese <span class=\"screen-reader-text\">Ope m\u00f8te om n\u00e6ring i naust. Tysdag 16. februar kl 1800. Timbervika i Telav\u00e5g.<\/span><\/a><\/p>\n","protected":false},"author":1,"featured_media":0,"comment_status":"closed","ping_status":"open","sticky":false,"template":"","format":"standard","meta":[],"categories":[1],"tags":[],"_links":{"self":[{"href":"https:\/\/naust.org\/index.php?rest_route=\/wp\/v2\/posts\/109"}],"collection":[{"href":"https:\/\/naust.org\/index.php?rest_route=\/wp\/v2\/posts"}],"about":[{"href":"https:\/\/naust.org\/index.php?rest_route=\/wp\/v2\/types\/post"}],"author":[{"embeddable":true,"href":"https:\/\/naust.org\/index.php?rest_route=\/wp\/v2\/users\/1"}],"replies":[{"embeddable":true,"href":"https:\/\/naust.org\/index.php?rest_route=%2Fwp%2Fv2%2Fcomments&post=109"}],"version-history":[{"count":2,"href":"https:\/\/naust.org\/index.php?rest_route=\/wp\/v2\/posts\/109\/revisions"}],"predecessor-version":[{"id":112,"href":"https:\/\/naust.org\/index.php?rest_route=\/wp\/v2\/posts\/109\/revisions\/112"}],"wp:attachment":[{"href":"https:\/\/naust.org\/index.php?rest_route=%2Fwp%2Fv2%2Fmedia&parent=109"}],"wp:term":[{"taxonomy":"category","embeddable":true,"href":"https:\/\/naust.org\/index.php?rest_route=%2Fwp%2Fv2%2Fcategories&post=109"},{"taxonomy":"post_tag","embeddable":true,"href":"https:\/\/naust.org\/index.php?rest_route=%2Fwp%2Fv2%2Ftags&post=109"}],"curies":[{"name":"wp","href":"https:\/\/api.w.org\/{rel}","templated":true}]}}